{"id":720,"date":"2021-06-03T09:19:06","date_gmt":"2021-06-03T07:19:06","guid":{"rendered":"\/ung\/?p=720"},"modified":"2021-06-03T09:19:06","modified_gmt":"2021-06-03T07:19:06","slug":"cope-kampanje-rettet-mot-deg-som-er-mellom-10-og-17-ar","status":"publish","type":"post","link":"\/ung\/2021\/06\/03\/cope-kampanje-rettet-mot-deg-som-er-mellom-10-og-17-ar\/","title":{"rendered":"COPE-kampanje rettet mot deg som er mellom 10 og 17 \u00e5r"},"content":{"rendered":"<p><b><span data-contrast=\"none\">Til alle mellom 10-17 \u00e5r som har et familiemedlem i fengsel<\/span><\/b><\/p>\n<p><b><span data-contrast=\"none\">Hvordan\u00a0har du\u00a0det\/har du\u00a0hatt det under\u00a0koronaen?<\/span><\/b><span data-ccp-props=\"{&quot;201341983&quot;:0,&quot;335559739&quot;:0,&quot;335559740&quot;:276,&quot;469777462&quot;:[916,1832,2748,3664,4580,5496,6412,7328,8244,9160,10076,10992,11908,12824,13740,14656],&quot;469777927&quot;:[0,0,0,0,0,0,0,0,0,0,0,0,0,0,0,0],&quot;469777928&quot;:[1,1,1,1,1,1,1,1,1,1,1,1,1,1,1,1]}\">\u00a0<\/span><\/p>\n<p><span data-contrast=\"none\">Juni hvert \u00e5r\u00a0bidrar\u00a0FFP\u00a0sammen med COPE*\u00a0til \u00e5 sette ekstra fokus p\u00e5 barn med et familiemedlem i fengsel.\u00a0\u00a0<\/span><span data-contrast=\"auto\">I \u00e5r\u00a0\u00f8nsker\u00a0vi\u00a0\u00e5\u00a0finne ut\u00a0hvordan barn og unge i Norge og Europa har opplevd\u00a0at en i familien har v\u00e6rt i fengsel\u00a0under\u00a0korona, og det h\u00e5per vi du vil hjelpe oss med!\u00a0Her er<\/span><span data-contrast=\"none\">\u00a0det du kan gj\u00f8re: Du kan\u00a0svare p\u00e5\u00a0<\/span><b><span data-contrast=\"none\">ett\u00a0eller flere<\/span><\/b><span data-contrast=\"none\">\u00a0av\u00a0sp\u00f8rsm\u00e5lene under,\u00a0skrive\u00a0en historie\u00a0eller tegne\u00a0noe\u00a0som\u00a0du tenker p\u00e5 n\u00e5r du leser sp\u00f8rsm\u00e5lene. Send det du har tegnet\/skrevet til FFP. Her er sp\u00f8rsm\u00e5lene:<\/span><span data-ccp-props=\"{&quot;201341983&quot;:0,&quot;335559739&quot;:0,&quot;335559740&quot;:276,&quot;469777462&quot;:[916,1832,2748,3664,4580,5496,6412,7328,8244,9160,10076,10992,11908,12824,13740,14656],&quot;469777927&quot;:[0,0,0,0,0,0,0,0,0,0,0,0,0,0,0,0],&quot;469777928&quot;:[1,1,1,1,1,1,1,1,1,1,1,1,1,1,1,1]}\">\u00a0<\/span><\/p>\n<ul>\n<li><span data-contrast=\"none\"> Hvordan har du det?<\/span><\/li>\n<li><span data-contrast=\"none\">Hvordanhar korona\u00a0p\u00e5virker\u00a0livet ditt?<\/span><span data-ccp-props=\"{&quot;201341983&quot;:0,&quot;335559739&quot;:0,&quot;335559740&quot;:276,&quot;469777462&quot;:[916,1832,2748,3664,4580,5496,6412,7328,8244,9160,10076,10992,11908,12824,13740,14656],&quot;469777927&quot;:[0,0,0,0,0,0,0,0,0,0,0,0,0,0,0,0],&quot;469777928&quot;:[1,1,1,1,1,1,1,1,1,1,1,1,1,1,1,1]}\">\u00a0<\/span><\/li>\n<li><span data-contrast=\"none\"> Er det noedu trenger som mangler i dag?<\/span><\/li>\n<li><span data-contrast=\"none\"> Hva er det som har fungert bra, ellerhvaer &#8216;bra&#8217; med\u00a0koronaen\u00a0som du\u00a0synes\u00a0skal fortsette?<\/span><span data-ccp-props=\"{&quot;201341983&quot;:0,&quot;335559739&quot;:0,&quot;335559740&quot;:276,&quot;469777462&quot;:[916,1832,2748,3664,4580,5496,6412,7328,8244,9160,10076,10992,11908,12824,13740,14656],&quot;469777927&quot;:[0,0,0,0,0,0,0,0,0,0,0,0,0,0,0,0],&quot;469777928&quot;:[1,1,1,1,1,1,1,1,1,1,1,1,1,1,1,1]}\">\u00a0<\/span><\/li>\n<li><span data-contrast=\"none\"> Er det noe som ikke har fungert bra, eller som du ikkelikeri\u00a0korona-tiden?<\/span><span data-ccp-props=\"{&quot;201341983&quot;:0,&quot;335559739&quot;:0,&quot;335559740&quot;:276,&quot;469777462&quot;:[916,1832,2748,3664,4580,5496,6412,7328,8244,9160,10076,10992,11908,12824,13740,14656],&quot;469777927&quot;:[0,0,0,0,0,0,0,0,0,0,0,0,0,0,0,0],&quot;469777928&quot;:[1,1,1,1,1,1,1,1,1,1,1,1,1,1,1,1]}\">\u00a0<\/span><\/li>\n<li><span data-contrast=\"none\"> Hvagj\u00f8rfengselet eller\u00a0familiemedlemmet ditt i fengsel\u00a0som\u00a0gj\u00f8r\u00a0deg glad\u00a0under\u00a0koronaen?<\/span><span data-ccp-props=\"{&quot;201341983&quot;:0,&quot;335559739&quot;:0,&quot;335559740&quot;:276,&quot;469777462&quot;:[916,1832,2748,3664,4580,5496,6412,7328,8244,9160,10076,10992,11908,12824,13740,14656],&quot;469777927&quot;:[0,0,0,0,0,0,0,0,0,0,0,0,0,0,0,0],&quot;469777928&quot;:[1,1,1,1,1,1,1,1,1,1,1,1,1,1,1,1]}\">\u00a0<\/span><\/li>\n<li><span data-contrast=\"none\">Hva slags informasjon trenger du?<\/span><\/li>\n<li><span data-contrast=\"none\"> Hva vil du skal skje n\u00e5r bes\u00f8k i fengsel \u00e5pnes til det normale igjen?<\/span><span data-ccp-props=\"{&quot;201341983&quot;:0,&quot;335559739&quot;:0,&quot;335559740&quot;:276,&quot;469777462&quot;:[916,1832,2748,3664,4580,5496,6412,7328,8244,9160,10076,10992,11908,12824,13740,14656],&quot;469777927&quot;:[0,0,0,0,0,0,0,0,0,0,0,0,0,0,0,0],&quot;469777928&quot;:[1,1,1,1,1,1,1,1,1,1,1,1,1,1,1,1]}\">\u00a0<\/span><\/li>\n<\/ul>\n<p><span data-ccp-props=\"{&quot;201341983&quot;:0,&quot;335551550&quot;:6,&quot;335551620&quot;:6,&quot;335559739&quot;:0,&quot;335559740&quot;:276,&quot;469777462&quot;:[916,1832,2748,3664,4580,5496,6412,7328,8244,9160,10076,10992,11908,12824,13740,14656],&quot;469777927&quot;:[0,0,0,0,0,0,0,0,0,0,0,0,0,0,0,0],&quot;469777928&quot;:[1,1,1,1,1,1,1,1,1,1,1,1,1,1,1,1]}\">\u00a0<\/span><\/p>\n<p><span data-contrast=\"none\">FFP\u00a0<\/span><span data-contrast=\"none\">videresender\u00a0anonymt\u00a0det du har skrevet eller tegnet til COPE. COPE\u00a0skal\u00a0<\/span><span data-contrast=\"none\">samle alle innspill fra barn i hele Europa og lage en oversikt over hvordan de har hatt det under pandemien og hvilke endringer de \u00f8nsker.\u00a0<\/span><span data-contrast=\"none\">Dette\u00a0sendes\u00a0senest 20. juni\u00a0til:\u00a0<a href=\"post@ffp.no\">post@ffp.no<\/a> eller FFP,\u00a0Pb. 6710\u00a0St. Olavs plass, 0130\u00a0Oslo.<\/span><span data-ccp-props=\"{&quot;201341983&quot;:0,&quot;335559739&quot;:0,&quot;335559740&quot;:276,&quot;469777462&quot;:[916,1832,2748,3664,4580,5496,6412,7328,8244,9160,10076,10992,11908,12824,13740,14656],&quot;469777927&quot;:[0,0,0,0,0,0,0,0,0,0,0,0,0,0,0,0],&quot;469777928&quot;:[1,1,1,1,1,1,1,1,1,1,1,1,1,1,1,1]}\">\u00a0<\/span><\/p>\n<p><span data-contrast=\"none\">Alle som deltar f\u00e5r 2 kino-gavekort hver!<\/span><span data-ccp-props=\"{&quot;201341983&quot;:0,&quot;335559739&quot;:0,&quot;335559740&quot;:276,&quot;469777462&quot;:[916,1832,2748,3664,4580,5496,6412,7328,8244,9160,10076,10992,11908,12824,13740,14656],&quot;469777927&quot;:[0,0,0,0,0,0,0,0,0,0,0,0,0,0,0,0],&quot;469777928&quot;:[1,1,1,1,1,1,1,1,1,1,1,1,1,1,1,1]}\">\u00a0<\/span><\/p>\n<p><b><span data-contrast=\"auto\">H\u00c5PER DU BLIR MED\u00a0<\/span><\/b><span data-contrast=\"auto\">\ud83d\ude0a<\/span><br \/>\n<span data-ccp-props=\"{&quot;201341983&quot;:0,&quot;335551550&quot;:2,&quot;335551620&quot;:2,&quot;335559739&quot;:0,&quot;335559740&quot;:240,&quot;469777462&quot;:[5496],&quot;469777927&quot;:[0],&quot;469777928&quot;:[1]}\">\u00a0<\/span><\/p>\n<p><span data-contrast=\"none\">*Dette er en del av den \u00e5rlige kampanjen til det Europeiske nettverket COPE \u2013\u00a0Children\u00a0of\u00a0Prisoners Europe \u2013 som heter Not my\u00a0Crime, Still my\u00a0Sentence. Kampanjen handler om \u00e5 bevisstgj\u00f8re befolkningen, politikere og ansatte i fengslene om situasjonen til barn med familiemedlem i fengsel, og \u00e5 bedre denne.<\/span><span data-ccp-props=\"{&quot;201341983&quot;:0,&quot;335559739&quot;:0,&quot;335559740&quot;:240,&quot;469777462&quot;:[5496],&quot;469777927&quot;:[0],&quot;469777928&quot;:[1]}\">\u00a0<\/span><\/p>\n<p><span data-ccp-props=\"{&quot;201341983&quot;:0,&quot;335559739&quot;:0,&quot;335559740&quot;:240,&quot;469777462&quot;:[5496],&quot;469777927&quot;:[0],&quot;469777928&quot;:[1]}\">\u00a0<\/span><\/p>\n","protected":false},"excerpt":{"rendered":"<p>Til alle mellom 10-17 \u00e5r som har et familiemedlem i fengsel Hvordan\u00a0har du\u00a0det\/har du\u00a0hatt det under\u00a0koronaen?\u00a0 Juni hvert \u00e5r\u00a0bidrar\u00a0FFP\u00a0sammen med COPE*\u00a0til \u00e5 sette ekstra fokus p\u00e5 barn med et familiemedlem i fengsel.\u00a0\u00a0I \u00e5r\u00a0\u00f8nsker\u00a0vi\u00a0\u00e5\u00a0finne ut\u00a0hvordan barn og unge i Norge og Europa har opplevd\u00a0at en i familien har v\u00e6rt i fengsel\u00a0under\u00a0korona, og det h\u00e5per vi du [&hellip;]<\/p>\n","protected":false},"author":6,"featured_media":721,"comment_status":"open","ping_status":"open","sticky":false,"template":"","format":"standard","meta":{"footnotes":""},"categories":[20],"tags":[],"class_list":["post-720","post","type-post","status-publish","format-standard","has-post-thumbnail","hentry","category-nyheter"],"_links":{"self":[{"href":"https:\/\/ffp.no\/ung\/wp-json\/wp\/v2\/posts\/720","targetHints":{"allow":["GET"]}}],"collection":[{"href":"https:\/\/ffp.no\/ung\/wp-json\/wp\/v2\/posts"}],"about":[{"href":"https:\/\/ffp.no\/ung\/wp-json\/wp\/v2\/types\/post"}],"author":[{"embeddable":true,"href":"https:\/\/ffp.no\/ung\/wp-json\/wp\/v2\/users\/6"}],"replies":[{"embeddable":true,"href":"https:\/\/ffp.no\/ung\/wp-json\/wp\/v2\/comments?post=720"}],"version-history":[{"count":1,"href":"https:\/\/ffp.no\/ung\/wp-json\/wp\/v2\/posts\/720\/revisions"}],"predecessor-version":[{"id":723,"href":"https:\/\/ffp.no\/ung\/wp-json\/wp\/v2\/posts\/720\/revisions\/723"}],"wp:featuredmedia":[{"embeddable":true,"href":"https:\/\/ffp.no\/ung\/wp-json\/wp\/v2\/media\/721"}],"wp:attachment":[{"href":"https:\/\/ffp.no\/ung\/wp-json\/wp\/v2\/media?parent=720"}],"wp:term":[{"taxonomy":"category","embeddable":true,"href":"https:\/\/ffp.no\/ung\/wp-json\/wp\/v2\/categories?post=720"},{"taxonomy":"post_tag","embeddable":true,"href":"https:\/\/ffp.no\/ung\/wp-json\/wp\/v2\/tags?post=720"}],"curies":[{"name":"wp","href":"https:\/\/api.w.org\/{rel}","templated":true}]}}