{"id":717,"date":"2021-06-01T13:35:34","date_gmt":"2021-06-01T11:35:34","guid":{"rendered":"\/ung\/?p=717"},"modified":"2021-06-01T13:35:34","modified_gmt":"2021-06-01T11:35:34","slug":"treff-for-unge-voksne-i-trondheim","status":"publish","type":"post","link":"\/ung\/2021\/06\/01\/treff-for-unge-voksne-i-trondheim\/","title":{"rendered":"Treff for unge voksne i Trondheim"},"content":{"rendered":"<p><strong>Er du mellom 18 og 25 \u00e5r og er p\u00e5r\u00f8rende til en innsatt?<\/strong><\/p>\n<p>Da h\u00e5per vi du vil delta p\u00e5 treff til h\u00f8sten. P\u00e5 treffet kan man dele erfaringer om hvordan det er \u00e5 v\u00e6re p\u00e5r\u00f8rende. For noen kan det v\u00e6re godt bare \u00e5 v\u00e6re der. Mange opplever en stor st\u00f8tte i det \u00e5 treffe andre som er i en lignende situasjon.<\/p>\n<p>Tilbudet er nytt, s\u00e5 de som kommer kjenner ikke hverandre fra f\u00f8r.<\/p>\n<p>Ansatte fra FFP vil v\u00e6re til stede under m\u00f8tene. Rollen til oss som jobber i FFP vil v\u00e6re \u00e5 foresl\u00e5 tema, svare p\u00e5 sp\u00f8rsm\u00e5l om p\u00e5r\u00f8rendetema, fengsler, lover\/regler mm. og ellers v\u00e6re en st\u00f8tte n\u00e5r det er behov for det.<\/p>\n<p>Oppstart: Til h\u00f8sten. N\u00e6rmere info om dato og tidspunkt kommer.<br \/>\nOmfang: To ganger i m\u00e5neden. Vi m\u00f8tes digitalt hvis korona-situasjonen krever det.<br \/>\nSted: FFP Tr\u00f8ndelag, Kj\u00f8pmannsgata 23, Trondheim<br \/>\nServering: Pizza, drikke og kaffe\/te<\/p>\n<p>Vi tar hensyn til gjeldende smittevernregler.<\/p>\n<p>Ta veldig gjerne kontakt med oss p\u00e5 epost eller telefon hvis du vil vite ut mer. Vi h\u00e5per \u00e5 h\u00f8re fra deg!<\/p>\n<p>Informasjon\/p\u00e5melding: trondelag@ffp.no eller telefon\/sms til 940 03\u00a0120<\/p>\n<p><strong>Vennlig hilsen Anne Gro <\/strong>(sosionom)<strong> og Nina <\/strong>(familieterapeut) <strong>i FFP Tr\u00f8ndelag<\/strong><\/p>\n","protected":false},"excerpt":{"rendered":"<p>Er du mellom 18 og 25 \u00e5r og er p\u00e5r\u00f8rende til en innsatt? Da h\u00e5per vi du vil delta p\u00e5 treff til h\u00f8sten. P\u00e5 treffet kan man dele erfaringer om hvordan det er \u00e5 v\u00e6re p\u00e5r\u00f8rende. For noen kan det v\u00e6re godt bare \u00e5 v\u00e6re der. Mange opplever en stor st\u00f8tte i det \u00e5 treffe [&hellip;]<\/p>\n","protected":false},"author":6,"featured_media":718,"comment_status":"open","ping_status":"open","sticky":false,"template":"","format":"standard","meta":{"footnotes":""},"categories":[20],"tags":[],"class_list":["post-717","post","type-post","status-publish","format-standard","has-post-thumbnail","hentry","category-nyheter"],"_links":{"self":[{"href":"https:\/\/ffp.no\/ung\/wp-json\/wp\/v2\/posts\/717","targetHints":{"allow":["GET"]}}],"collection":[{"href":"https:\/\/ffp.no\/ung\/wp-json\/wp\/v2\/posts"}],"about":[{"href":"https:\/\/ffp.no\/ung\/wp-json\/wp\/v2\/types\/post"}],"author":[{"embeddable":true,"href":"https:\/\/ffp.no\/ung\/wp-json\/wp\/v2\/users\/6"}],"replies":[{"embeddable":true,"href":"https:\/\/ffp.no\/ung\/wp-json\/wp\/v2\/comments?post=717"}],"version-history":[{"count":1,"href":"https:\/\/ffp.no\/ung\/wp-json\/wp\/v2\/posts\/717\/revisions"}],"predecessor-version":[{"id":719,"href":"https:\/\/ffp.no\/ung\/wp-json\/wp\/v2\/posts\/717\/revisions\/719"}],"wp:featuredmedia":[{"embeddable":true,"href":"https:\/\/ffp.no\/ung\/wp-json\/wp\/v2\/media\/718"}],"wp:attachment":[{"href":"https:\/\/ffp.no\/ung\/wp-json\/wp\/v2\/media?parent=717"}],"wp:term":[{"taxonomy":"category","embeddable":true,"href":"https:\/\/ffp.no\/ung\/wp-json\/wp\/v2\/categories?post=717"},{"taxonomy":"post_tag","embeddable":true,"href":"https:\/\/ffp.no\/ung\/wp-json\/wp\/v2\/tags?post=717"}],"curies":[{"name":"wp","href":"https:\/\/api.w.org\/{rel}","templated":true}]}}