{"id":596,"date":"2020-05-28T10:50:36","date_gmt":"2020-05-28T08:50:36","guid":{"rendered":"\/ung\/?p=596"},"modified":"2020-07-13T09:26:05","modified_gmt":"2020-07-13T07:26:05","slug":"informasjon-til-barn-og-unge-om-korona","status":"publish","type":"post","link":"\/ung\/2020\/05\/28\/informasjon-til-barn-og-unge-om-korona\/","title":{"rendered":"Informasjon om korona"},"content":{"rendered":"<p><strong>Informasjon om korona<\/strong><\/p>\n<p>P\u00e5 grunn av koronautbruddet avlyste FFP Ung alle fysiske treff og aktiviteter v\u00e5ren 2020.\u00a0 I slutten av juni hadde vi f\u00f8rste fysiske treff i v\u00e5re lokaler igjen, og det var veldig fint! Til h\u00f8sten 2020 planlegger FFP Ung \u00e5 invitere barn og unge til aktiviteter igjen!<\/p>\n<p>Under har vi samlet den siste informasjonen om hvordan korona p\u00e5virker fengslene og bes\u00f8k.<\/p>\n<p><strong>Bes\u00f8k i fengsel<br \/>\n<\/strong>N\u00e5 kan man bes\u00f8ke igjen nesten som normalt. Voksne og barn som er over 12 \u00e5r m\u00e5 holde en meter avstand under bes\u00f8ket, for at ikke noen i fengsel skal bli smittet med sykdom. Men barn under 12 \u00e5r trenger ikke \u00e5 gj\u00f8re det. De voksne som bestiller bes\u00f8ket m\u00e5 ogs\u00e5 svare p\u00e5 noen sp\u00f8rsm\u00e5l om sykdom (som kan likne p\u00e5 korona) f\u00f8r dere kan komme.<\/p>\n<p>Hvis du er over 12 \u00e5r og ikke har sett den som sitter i fengsel p\u00e5 lenge, kan det v\u00e6re kjipt \u00e5 m\u00e5tte holde avstand og ikke klemme hverandre. Noen kan synes at det er vondt og vanskelig, og bli lei seg eller sint. Noen velger faktisk \u00e5 vente med \u00e5 dra p\u00e5 bes\u00f8k til det blir litt f\u00e6rre regler. Men noen kan ogs\u00e5 synes at det er koselig \u00e5 treffe hverandre allikevel.<\/p>\n<p><strong>Videobes\u00f8k<br \/>\n<\/strong>Fengslene tilbyr n\u00e5 videosamtaler! Hvis du \u00f8nsker videobes\u00f8k hos den du kjenner, kan du h\u00f8re med en voksen om de kan ta kontakt med fengslet og avtale en tid for dette.<\/p>\n<p><strong>Permisjoner<br \/>\n<\/strong>De som sitter i fengsel kan komme ut p\u00e5 permisjon igjen, s\u00e5nn som det var f\u00f8r pandemien.<\/p>\n<p><strong>Tiltak for den innsatte<br \/>\n<\/strong>Hverdagen inne i fengslene skal ogs\u00e5 begynne \u00e5 bli som f\u00f8r igjen n\u00e5. S\u00e5 de innsatte kan g\u00e5 p\u00e5 jobb\/skole, v\u00e6re mer sammen med hverandre, og trene, bruke bibliotek og s\u00e5nn igjen.\u00a0<em><br \/>\n<\/em><\/p>\n<p><strong>Har du sp\u00f8rsm\u00e5l eller bekymringer?<br \/>\n<\/strong>Du kan:<\/p>\n<ul>\n<li>Chatte med FFP Ung. G\u00e5 inn p\u00e5 <a href=\"http:\/\/www.ffp.no\/ung\">ffp.no\/ung<\/a><br \/>\nNederst p\u00e5 h\u00f8yre side finner du chat-ikonet.<\/li>\n<li>Ringe oss p\u00e5 telefon 22 11 41 30, eller til avdelingen i Tr\u00f8ndelag p\u00e5 73 51 19 29.<\/li>\n<li>Sende oss en sms p\u00e5 979 66\u00a0199 (Oslo) eller 940 03\u00a0120 (avd. Tr\u00f8ndelag).<\/li>\n<li>Sende oss en mail til <a href=\"mailto:post@ffp.no\">post@ffp.no<\/a><\/li>\n<\/ul>\n<p>Du kan ogs\u00e5:<\/p>\n<ul>\n<li>Ta kontakt med fengselet og be om en samtale med barneansvarlig, eller sp\u00f8rre om noen andre kan gj\u00f8r det for deg.<\/li>\n<li>Ta kontakt med l\u00e6rer eller helses\u00f8ster p\u00e5 skolen din.<\/li>\n<\/ul>\n<p>&nbsp;<\/p>\n","protected":false},"excerpt":{"rendered":"<p>Informasjon om korona P\u00e5 grunn av koronautbruddet avlyste FFP Ung alle fysiske treff og aktiviteter v\u00e5ren 2020.\u00a0 I slutten av juni hadde vi f\u00f8rste fysiske treff i v\u00e5re lokaler igjen, og det var veldig fint! Til h\u00f8sten 2020 planlegger FFP Ung \u00e5 invitere barn og unge til aktiviteter igjen! Under har vi samlet den siste [&hellip;]<\/p>\n","protected":false},"author":7,"featured_media":606,"comment_status":"open","ping_status":"open","sticky":false,"template":"","format":"standard","meta":{"footnotes":""},"categories":[20],"tags":[],"class_list":["post-596","post","type-post","status-publish","format-standard","has-post-thumbnail","hentry","category-nyheter"],"_links":{"self":[{"href":"https:\/\/ffp.no\/ung\/wp-json\/wp\/v2\/posts\/596","targetHints":{"allow":["GET"]}}],"collection":[{"href":"https:\/\/ffp.no\/ung\/wp-json\/wp\/v2\/posts"}],"about":[{"href":"https:\/\/ffp.no\/ung\/wp-json\/wp\/v2\/types\/post"}],"author":[{"embeddable":true,"href":"https:\/\/ffp.no\/ung\/wp-json\/wp\/v2\/users\/7"}],"replies":[{"embeddable":true,"href":"https:\/\/ffp.no\/ung\/wp-json\/wp\/v2\/comments?post=596"}],"version-history":[{"count":14,"href":"https:\/\/ffp.no\/ung\/wp-json\/wp\/v2\/posts\/596\/revisions"}],"predecessor-version":[{"id":659,"href":"https:\/\/ffp.no\/ung\/wp-json\/wp\/v2\/posts\/596\/revisions\/659"}],"wp:featuredmedia":[{"embeddable":true,"href":"https:\/\/ffp.no\/ung\/wp-json\/wp\/v2\/media\/606"}],"wp:attachment":[{"href":"https:\/\/ffp.no\/ung\/wp-json\/wp\/v2\/media?parent=596"}],"wp:term":[{"taxonomy":"category","embeddable":true,"href":"https:\/\/ffp.no\/ung\/wp-json\/wp\/v2\/categories?post=596"},{"taxonomy":"post_tag","embeddable":true,"href":"https:\/\/ffp.no\/ung\/wp-json\/wp\/v2\/tags?post=596"}],"curies":[{"name":"wp","href":"https:\/\/api.w.org\/{rel}","templated":true}]}}