{"id":295,"date":"2017-10-31T13:20:28","date_gmt":"2017-10-31T12:20:28","guid":{"rendered":"\/?p=295"},"modified":"2017-10-31T13:20:41","modified_gmt":"2017-10-31T12:20:41","slug":"ringerike-fengsel","status":"publish","type":"post","link":"\/ung\/2017\/10\/31\/ringerike-fengsel\/","title":{"rendered":"Ringerike fengsel"},"content":{"rendered":"<figure id=\"attachment_287\" class=\"thumbnail wp-caption alignnone\" style=\"max-width: 300px;\">\n    <a href=\"https:\/\/ffp.no\/ung\/files\/2016\/01\/K8R1406.jpg\"><img loading=\"lazy\" decoding=\"async\" class=\"wp-image-287 size-medium\" src=\"https:\/\/ffp.no\/ung\/files\/2016\/01\/K8R1406-300x200.jpg\" alt=\"\" width=\"300\" height=\"200\" srcset=\"https:\/\/ffp.no\/ung\/files\/2016\/01\/K8R1406-300x200.jpg 300w, https:\/\/ffp.no\/ung\/files\/2016\/01\/K8R1406-768x512.jpg 768w, https:\/\/ffp.no\/ung\/files\/2016\/01\/K8R1406-252x168.jpg 252w, https:\/\/ffp.no\/ung\/files\/2016\/01\/K8R1406-412x275.jpg 412w, https:\/\/ffp.no\/ung\/files\/2016\/01\/K8R1406-400x267.jpg 400w, https:\/\/ffp.no\/ung\/files\/2016\/01\/K8R1406.jpg 800w\" sizes=\"auto, (max-width: 300px) 100vw, 300px\" \/><\/a>    <figcaption class=\"caption wp-caption-text\">S\u00e5nn ser det ut utenfor fengselsmuren p\u00e5 Ringerike fengsl. Det er en h\u00f8y mur med en bl\u00e5 d\u00f8r, og en ringeklokke som man m\u00e5 ringe p\u00e5 for \u00e5 komme inn.<\/figcaption>\n<\/figure>\n<figure id=\"attachment_296\" class=\"thumbnail wp-caption alignleft\" style=\"max-width: 300px;\">\n    <a href=\"https:\/\/ffp.no\/ung\/files\/2017\/10\/K8R1418.jpg\"><img loading=\"lazy\" decoding=\"async\" class=\"wp-image-296 size-medium\" src=\"https:\/\/ffp.no\/ung\/files\/2017\/10\/K8R1418-300x200.jpg\" alt=\"\" width=\"300\" height=\"200\" srcset=\"https:\/\/ffp.no\/ung\/files\/2017\/10\/K8R1418-300x200.jpg 300w, https:\/\/ffp.no\/ung\/files\/2017\/10\/K8R1418-768x512.jpg 768w, https:\/\/ffp.no\/ung\/files\/2017\/10\/K8R1418-252x168.jpg 252w, https:\/\/ffp.no\/ung\/files\/2017\/10\/K8R1418-412x275.jpg 412w, https:\/\/ffp.no\/ung\/files\/2017\/10\/K8R1418-400x267.jpg 400w, https:\/\/ffp.no\/ung\/files\/2017\/10\/K8R1418.jpg 800w\" sizes=\"auto, (max-width: 300px) 100vw, 300px\" \/><\/a>    <figcaption class=\"caption wp-caption-text\">En celle p\u00e5 Ringerike fengsel. De som sitter i fengsel har hver sin celle, med seng og skrivebord.<\/figcaption>\n<\/figure>\n","protected":false},"excerpt":{"rendered":"","protected":false},"author":3,"featured_media":0,"comment_status":"open","ping_status":"open","sticky":false,"template":"","format":"standard","meta":{"footnotes":""},"categories":[10],"tags":[],"class_list":["post-295","post","type-post","status-publish","format-standard","hentry","category-bilder-av-fengsler"],"_links":{"self":[{"href":"https:\/\/ffp.no\/ung\/wp-json\/wp\/v2\/posts\/295","targetHints":{"allow":["GET"]}}],"collection":[{"href":"https:\/\/ffp.no\/ung\/wp-json\/wp\/v2\/posts"}],"about":[{"href":"https:\/\/ffp.no\/ung\/wp-json\/wp\/v2\/types\/post"}],"author":[{"embeddable":true,"href":"https:\/\/ffp.no\/ung\/wp-json\/wp\/v2\/users\/3"}],"replies":[{"embeddable":true,"href":"https:\/\/ffp.no\/ung\/wp-json\/wp\/v2\/comments?post=295"}],"version-history":[{"count":1,"href":"https:\/\/ffp.no\/ung\/wp-json\/wp\/v2\/posts\/295\/revisions"}],"predecessor-version":[{"id":297,"href":"https:\/\/ffp.no\/ung\/wp-json\/wp\/v2\/posts\/295\/revisions\/297"}],"wp:attachment":[{"href":"https:\/\/ffp.no\/ung\/wp-json\/wp\/v2\/media?parent=295"}],"wp:term":[{"taxonomy":"category","embeddable":true,"href":"https:\/\/ffp.no\/ung\/wp-json\/wp\/v2\/categories?post=295"},{"taxonomy":"post_tag","embeddable":true,"href":"https:\/\/ffp.no\/ung\/wp-json\/wp\/v2\/tags?post=295"}],"curies":[{"name":"wp","href":"https:\/\/api.w.org\/{rel}","templated":true}]}}