{"id":180,"date":"2016-10-17T15:39:33","date_gmt":"2016-10-17T13:39:33","guid":{"rendered":"\/?p=180"},"modified":"2019-08-26T14:46:07","modified_gmt":"2019-08-26T12:46:07","slug":"lisa-besoker-pappa-i-fengsel","status":"publish","type":"post","link":"\/ung\/2016\/10\/17\/lisa-besoker-pappa-i-fengsel\/","title":{"rendered":"Lisa bes\u00f8ker pappa i fengsel"},"content":{"rendered":"<p>Fortelling om Lisa som som skal bes\u00f8ke pappa i fengsel for f\u00f8rste gang. Passer til barn opp til 12 \u00e5r.<\/p>\n<p>Du kan bestille heftet hjem til deg ved \u00e5 trykke p\u00e5 &#8220;Sp\u00f8r FFP&#8221;-knappen til h\u00f8yre.<\/p>\n<p>Du kan ogs\u00e5 laste den ned her:\u00a0<a href=\"https:\/\/ffp.no\/ung\/files\/2016\/10\/Lisa-bes\u00f8ker-pappa-2016.pdf\">Lisa bes\u00f8ker pappa i fengsel<\/a><\/p>\n","protected":false},"excerpt":{"rendered":"<p>Fortelling om Lisa som som skal bes\u00f8ke pappa i fengsel for f\u00f8rste gang. Passer til barn opp til 12 \u00e5r. Du kan bestille heftet hjem til deg ved \u00e5 trykke p\u00e5 &#8220;Sp\u00f8r FFP&#8221;-knappen til h\u00f8yre. Du kan ogs\u00e5 laste den ned her:\u00a0Lisa bes\u00f8ker pappa i fengsel<\/p>\n","protected":false},"author":3,"featured_media":181,"comment_status":"open","ping_status":"open","sticky":false,"template":"","format":"standard","meta":{"footnotes":""},"categories":[4],"tags":[],"class_list":["post-180","post","type-post","status-publish","format-standard","has-post-thumbnail","hentry","category-informasjonsmateriell"],"_links":{"self":[{"href":"https:\/\/ffp.no\/ung\/wp-json\/wp\/v2\/posts\/180","targetHints":{"allow":["GET"]}}],"collection":[{"href":"https:\/\/ffp.no\/ung\/wp-json\/wp\/v2\/posts"}],"about":[{"href":"https:\/\/ffp.no\/ung\/wp-json\/wp\/v2\/types\/post"}],"author":[{"embeddable":true,"href":"https:\/\/ffp.no\/ung\/wp-json\/wp\/v2\/users\/3"}],"replies":[{"embeddable":true,"href":"https:\/\/ffp.no\/ung\/wp-json\/wp\/v2\/comments?post=180"}],"version-history":[{"count":5,"href":"https:\/\/ffp.no\/ung\/wp-json\/wp\/v2\/posts\/180\/revisions"}],"predecessor-version":[{"id":481,"href":"https:\/\/ffp.no\/ung\/wp-json\/wp\/v2\/posts\/180\/revisions\/481"}],"wp:featuredmedia":[{"embeddable":true,"href":"https:\/\/ffp.no\/ung\/wp-json\/wp\/v2\/media\/181"}],"wp:attachment":[{"href":"https:\/\/ffp.no\/ung\/wp-json\/wp\/v2\/media?parent=180"}],"wp:term":[{"taxonomy":"category","embeddable":true,"href":"https:\/\/ffp.no\/ung\/wp-json\/wp\/v2\/categories?post=180"},{"taxonomy":"post_tag","embeddable":true,"href":"https:\/\/ffp.no\/ung\/wp-json\/wp\/v2\/tags?post=180"}],"curies":[{"name":"wp","href":"https:\/\/api.w.org\/{rel}","templated":true}]}}